{"id":199,"date":"2026-09-04T08:00:00","date_gmt":"2026-09-04T06:00:00","guid":{"rendered":"https:\/\/promaker.eu\/blog\/czy-zelatyna-to-kolagen-roznice-i-co-wybrac\/"},"modified":"2026-09-04T08:00:00","modified_gmt":"2026-09-04T06:00:00","slug":"czy-zelatyna-to-kolagen-roznice-i-co-wybrac","status":"publish","type":"post","link":"https:\/\/promaker.eu\/blog\/czy-zelatyna-to-kolagen-roznice-i-co-wybrac\/","title":{"rendered":"Czy \u017celatyna to kolagen? R\u00f3\u017cnice i co wybra\u0107"},"content":{"rendered":"<article>\n<p class=\"lead\">\u017belatyna i kolagen nie s\u0105 tym samym, cho\u0107 pochodz\u0105 z tego samego bia\u0142ka. \u017belatyna to kolagen zwierz\u0119cy poddany cz\u0119\u015bciowej hydrolizie termicznej, czyli ugotowany i cz\u0119\u015bciowo roz\u0142o\u017cony, natomiast to, co najcz\u0119\u015bciej trafia do suplement\u00f3w w proszku lub kapsu\u0142kach, to hydrolizat kolagenu (kolagen peptydowy) roz\u0142o\u017cony dodatkowo enzymatycznie na znacznie mniejsze fragmenty. R\u00f3\u017cnica w stopniu rozdrobnienia przek\u0142ada si\u0119 na rozpuszczalno\u015b\u0107, konsystencj\u0119 i spos\u00f3b wykorzystania obu produkt\u00f3w.<\/p>\n<h2>Czym r\u00f3\u017cni si\u0119 \u017celatyna od kolagenu pod wzgl\u0119dem produkcji?<\/h2>\n<p>\u017belatyna i kolagen r\u00f3\u017cni\u0105 si\u0119 stopniem przetworzenia tego samego surowca, a nie pochodzeniem. Kolagen natywny to bia\u0142ko o masie cz\u0105steczkowej rz\u0119du 300 kDa, obecne w sk\u00f3rze, ko\u015bciach, chrz\u0105stkach i \u015bci\u0119gnach zwierz\u0105t. \u017belatyn\u0119 otrzymuje si\u0119 przez ogrzewanie tego surowca w wodzie, co rozrywa cz\u0119\u015b\u0107 wi\u0105za\u0144 stabilizuj\u0105cych struktur\u0119 helisy kolagenu i cz\u0119\u015bciowo skraca \u0142a\u0144cuchy bia\u0142kowe. Hydrolizat kolagenu, stosowany w suplementach, przechodzi dodatkowy etap: rozk\u0142ad enzymatyczny (najcz\u0119\u015bciej z u\u017cyciem alkalazy, papainy lub pepsyny), kt\u00f3ry tnie \u0142a\u0144cuchy na peptydy o masie zaledwie 3 do 6 kDa. To w\u0142a\u015bnie ten dodatkowy krok odr\u00f3\u017cnia proszek do galaretki od proszku wsypywanego do porannej kawy [1].<\/p>\n<div class=\"callout callout--key\"><strong>Do zapami\u0119tania<\/strong><\/p>\n<p>\u017belatyna i hydrolizat kolagenu to dwa r\u00f3\u017cne etapy hydrolizy tego samego bia\u0142ka, nie dwa r\u00f3\u017cne surowce. Na etykiecie produktu szukaj sformu\u0142owania hydrolizat kolagenu lub peptydy kolagenowe, je\u015bli zale\u017cy Ci na formie rozpuszczalnej na zimno, w takiej postaci testowano wi\u0119kszo\u015b\u0107 cytowanych ni\u017cej bada\u0144.<\/p>\n<\/div>\n<h2>Czy \u017celatyna i hydrolizat kolagenu maj\u0105 taki sam sk\u0142ad aminokwasowy?<\/h2>\n<p>Tak, oba produkty zbudowane s\u0105 z tych samych aminokwas\u00f3w, poniewa\u017c pochodz\u0105 z identycznego bia\u0142ka wyj\u015bciowego. Glicyna, prolina i hydroksyprolina stanowi\u0105 \u0142\u0105cznie oko\u0142o po\u0142owy sk\u0142adu aminokwasowego kolagenu, niezale\u017cnie od tego, czy mamy do czynienia z \u017celatyn\u0105, czy z hydrolizatem [1]. Proces hydrolizy zmienia d\u0142ugo\u015b\u0107 \u0142a\u0144cuch\u00f3w peptydowych, ale nie zmienia proporcji aminokwas\u00f3w. Z tego powodu \u017celatyna bywa okre\u015blana jako bia\u0142ko niepe\u0142nowarto\u015bciowe: brakuje w niej tryptofanu, a zawarto\u015b\u0107 metioniny i izoleucyny jest niska w por\u00f3wnaniu z bia\u0142kiem jaja czy mi\u0119sa. Nie oznacza to, \u017ce \u017celatyna jest bezwarto\u015bciowa, ale nie powinna by\u0107 traktowana jako g\u0142\u00f3wne \u017ar\u00f3d\u0142o bia\u0142ka w diecie ani zamiennik pe\u0142nowarto\u015bciowych produkt\u00f3w bia\u0142kowych.<\/p>\n<h2>Dlaczego \u017celatyna rozpuszcza si\u0119 inaczej ni\u017c hydrolizat kolagenu?<\/h2>\n<p>\u017belatyna wymaga gor\u0105cej wody do rozpuszczenia i t\u0119\u017ceje po ostygni\u0119ciu, natomiast hydrolizat kolagenu rozpuszcza si\u0119 r\u00f3wnie\u017c w zimnych p\u0142ynach i nie \u017celuje. R\u00f3\u017cnica wynika z d\u0142ugo\u015bci \u0142a\u0144cuch\u00f3w peptydowych: d\u0142u\u017csze, cz\u0119\u015bciowo tylko roz\u0142o\u017cone fragmenty \u017celatyny (rz\u0105d kilkudziesi\u0119ciu kDa) maj\u0105 zdolno\u015b\u0107 tworzenia tr\u00f3jwymiarowej sieci, kt\u00f3ra wi\u0119zi wod\u0119 i tworzy \u017cel, znany z galaretek czy \u017celk\u00f3w. Peptydy o masie 3 do 6 kDa, obecne w hydrolizacie kolagenu, s\u0105 zbyt kr\u00f3tkie, aby tak\u0105 sie\u0107 utworzy\u0107, dzi\u0119ki czemu proszek miesza si\u0119 z wod\u0105, sokiem czy jogurtem bez podgrzewania [1]. Z punktu widzenia kuchni to zaleta \u017celatyny, z punktu widzenia wygody suplementacji, to zaleta hydrolizatu.<\/p>\n<h2>Czy peptydy z \u017celatyny wch\u0142aniaj\u0105 si\u0119 do krwi?<\/h2>\n<p>Tak, badania wykaza\u0142y obecno\u015b\u0107 peptyd\u00f3w pochodz\u0105cych z kolagenu we krwi po spo\u017cyciu hydrolizat\u00f3w \u017celatyny, ale samo wch\u0142oni\u0119cie nie jest r\u00f3wnoznaczne z efektem klinicznym. W badaniu Iwai i wsp. z 2005 roku ochotnicy spo\u017cywali hydrolizaty \u017celatyny w dawce od 9,4 do 23 g, a st\u0119\u017cenie peptydu Pro-Hyp we krwi osi\u0105ga\u0142o maksimum po 1 do 2 godzin i spada\u0142o do po\u0142owy tej warto\u015bci po 4 godzinach [2]. To dow\u00f3d na to, \u017ce kr\u00f3tkie peptydy kolagenowe przechodz\u0105 przez barier\u0119 jelitow\u0105 w formie nieroz\u0142o\u017conej do pojedynczych aminokwas\u00f3w, nie jest to jednak dow\u00f3d na to, \u017ce taka absorpcja przek\u0142ada si\u0119 na konkretny efekt zdrowotny, na przyk\u0142ad popraw\u0119 wygl\u0105du sk\u00f3ry. Mechanizm wch\u0142aniania i efekt kliniczny to dwie osobne kwestie, kt\u00f3re wymagaj\u0105 osobnych bada\u0144.<\/p>\n<h2>Czy suplementacja kolagenem wspiera kondycj\u0119 sk\u00f3ry? Co pokazuj\u0105 badania?<\/h2>\n<p>W jednym z cz\u0119\u015bciej cytowanych bada\u0144 klinicznych odnotowano popraw\u0119 elastyczno\u015bci sk\u00f3ry po suplementacji hydrolizatem kolagenu, ale dotyczy\u0142o ono konkretnej, przebadanej formy, a nie \u017celatyny spo\u017cywczej. Proksch i wsp. w 2014 roku przeprowadzili badanie z podw\u00f3jnie \u015blep\u0105 pr\u00f3b\u0105 i grup\u0105 placebo na 69 kobietach w wieku 35 do 55 lat, kt\u00f3re przez 8 tygodni przyjmowa\u0142y 2,5 g lub 5 g hydrolizatu kolagenu dziennie. W obu grupach z suplementem odnotowano statystycznie istotn\u0105 popraw\u0119 elastyczno\u015bci sk\u00f3ry ju\u017c po 4 tygodniach w por\u00f3wnaniu z placebo [3]. Warunek, o kt\u00f3rym trzeba pami\u0119ta\u0107: badanie testowa\u0142o konkretny, standaryzowany hydrolizat kolagenu w okre\u015blonej dawce, wi\u0119c jego wynik\u00f3w nie mo\u017cna przenosi\u0107 wprost na \u017celatyn\u0119 kupion\u0105 w sklepie spo\u017cywczym ani na dowoln\u0105 dawk\u0119 dowolnego produktu.<\/p>\n<p>Kolagen jest jednym z wielu sk\u0142adnik\u00f3w wspieraj\u0105cych wygl\u0105d sk\u00f3ry, dlatego warto traktowa\u0107 go jako element szerszej strategii, a nie samodzielne rozwi\u0105zanie. Osoby zainteresowane suplementacj\u0105 w tym kierunku mog\u0105 si\u0119gn\u0105\u0107 po form\u0119 kapsu\u0142kow\u0105, na przyk\u0142ad <a href=\"https:\/\/promaker.eu\/blog\/kolagen-rybi-stawy-skora-wlosy\/\">kolagen rybi<\/a>         <div class=\"pmp-card pmp-card--horizontal\">\n                            <a href=\"https:\/\/promaker.eu\/75-wsparcie-wlosow-skory-paznokci-kolagen-promaker-kolagen-rybi-90kaps.html\" class=\"pmp-card__image\" target=\"_blank\" rel=\"noopener\">\n                    <img decoding=\"async\" src=\"https:\/\/promaker.eu\/img\/p\/3\/4\/7\/347-medium_default.webp\" alt=\"Wsparcie W\u0142os\u00f3w, Sk\u00f3ry, Paznokci Kolagen Promaker Kolagen Rybi 90kaps\" loading=\"lazy\" width=\"200\" height=\"200\">                <\/a>\n                        <div class=\"pmp-card__body\">\n                <h4 class=\"pmp-card__title\">\n                    <a href=\"https:\/\/promaker.eu\/75-wsparcie-wlosow-skory-paznokci-kolagen-promaker-kolagen-rybi-90kaps.html\" target=\"_blank\" rel=\"noopener\">\n                        Wsparcie W\u0142os\u00f3w, Sk\u00f3ry, Paznokci Kolagen Promaker Kolagen Rybi 90kaps                    <\/a>\n                <\/h4>\n                                <div class=\"pmp-card__price\">\n                    <span class=\"pmp-price-old\">34,99 z\u0142<\/span> <span class=\"pmp-price\">29,99 z\u0142<\/span>                <\/div>\n                <a href=\"https:\/\/promaker.eu\/75-wsparcie-wlosow-skory-paznokci-kolagen-promaker-kolagen-rybi-90kaps.html\" class=\"pmp-card__cta\" target=\"_blank\" rel=\"noopener\">\n                    <span><svg viewBox=\"0 0 16 16\"><path d=\"M0 1.5A.5.5 0 0 1 .5 1H2a.5.5 0 0 1 .485.379L2.89 3H14.5a.5.5 0 0 1 .491.592l-1.5 8A.5.5 0 0 1 13 12H4a.5.5 0 0 1-.491-.408L2.01 3.607 1.61 2H.5a.5.5 0 0 1-.5-.5zM5 12a2 2 0 1 0 0 4 2 2 0 0 0 0-4zm7 0a2 2 0 1 0 0 4 2 2 0 0 0 0-4zm-7 1a1 1 0 1 1 0 2 1 1 0 0 1 0-2zm7 0a1 1 0 1 1 0 2 1 1 0 0 1 0-2z\"\/><\/svg>Kup teraz<\/span>\n                <\/a>\n            <\/div>\n        <\/div>\n        , stosowan\u0105 najcz\u0119\u015bciej jako uzupe\u0142nienie diety, a nie jej zamiennik.<\/p>\n<h2>Czy \u017celatyna lub kolagen pomagaj\u0105 na stawy?<\/h2>\n<p>Pojedyncze badania kliniczne odnotowa\u0142y popraw\u0119 dolegliwo\u015bci stawowych po suplementacji hydrolizatem kolagenu, jednak Europejski Urz\u0105d ds. Bezpiecze\u0144stwa \u017bywno\u015bci nie uzna\u0142 dot\u0105d tego zwi\u0105zku za wystarczaj\u0105co potwierdzony, by dopu\u015bci\u0107 oficjalne o\u015bwiadczenie zdrowotne. Clark i wsp. w 2008 roku przebadali 147 sportowc\u00f3w, kt\u00f3rzy przez 24 tygodnie przyjmowali 10 g p\u0142ynnego hydrolizatu kolagenu dziennie lub placebo, odnotowuj\u0105c statystycznie istotn\u0105 popraw\u0119 w skalach b\u00f3lu i ruchomo\u015bci staw\u00f3w [4]. Mimo to w 2011 roku panel EFSA ds. produkt\u00f3w dietetycznych, \u017cywienia i alergii rozpatrzy\u0142 wniosek o o\u015bwiadczenie zdrowotne dotycz\u0105ce hydrolizatu kolagenu i utrzymania prawid\u0142owej kondycji staw\u00f3w i odm\u00f3wi\u0142 jego autoryzacji, uznaj\u0105c, \u017ce dost\u0119pne dane, w tym jedno z bada\u0144 na aktywnych fizycznie osobach, nie wykaza\u0142y wystarczaj\u0105co sp\u00f3jnego zwi\u0105zku przyczynowo-skutkowego [5].<\/p>\n<p>Ten przyk\u0142ad dobrze pokazuje, dlaczego w tym artykule rozdzielamy mechanizm od efektu: pojedyncze wyniki bada\u0144 bywaj\u0105 obiecuj\u0105ce, ale to nie to samo, co formalnie potwierdzony i ustandaryzowany efekt zdrowotny. Osoby szukaj\u0105ce wsparcia dla staw\u00f3w powinny traktowa\u0107 suplementacj\u0119 kolagenem jako element uzupe\u0142niaj\u0105cy, obok aktywno\u015bci fizycznej i zbilansowanej diety, a nie jako potwierdzon\u0105 metod\u0119 leczenia dolegliwo\u015bci stawowych.<\/p>\n<div class=\"callout callout--warning\"><strong>Uwaga<\/strong><\/p>\n<p>B\u00f3l i sztywno\u015b\u0107 staw\u00f3w mog\u0105 mie\u0107 wiele przyczyn, od przeci\u0105\u017cenia po choroby reumatyczne. Je\u015bli dolegliwo\u015bci utrzymuj\u0105 si\u0119 d\u0142u\u017cej ni\u017c kilka tygodni lub nasilaj\u0105 si\u0119, skonsultuj si\u0119 z lekarzem zamiast prowadzi\u0107 samodzieln\u0105 diagnostyk\u0119 na podstawie objaw\u00f3w.<\/p>\n<\/div>\n<h2>Czy witaminy wspieraj\u0105 produkcj\u0119 kolagenu w organizmie?<\/h2>\n<p>Tak, witamina C ma oficjalnie potwierdzony udzia\u0142 w prawid\u0142owym tworzeniu kolagenu, co jest jednym z niewielu autoryzowanych o\u015bwiadcze\u0144 zdrowotnych dotycz\u0105cych tego tematu. Zgodnie z rozporz\u0105dzeniem Komisji (UE) nr 432\/2012, witamina C przyczynia si\u0119 do prawid\u0142owego tworzenia kolagenu, potrzebnego do prawid\u0142owego funkcjonowania naczy\u0144 krwiono\u015bnych, ko\u015bci, chrz\u0105stki, dzi\u0105se\u0142, sk\u00f3ry i z\u0119b\u00f3w [6]. To o\u015bwiadczenie dotyczy witaminy jako kofaktora enzym\u00f3w bior\u0105cych udzia\u0142 w syntezie kolagenu przez organizm, a nie samego spo\u017cycia kolagenu z po\u017cywienia czy suplementu. Dieta uboga w witamin\u0119 C mo\u017ce wi\u0119c ogranicza\u0107 zdolno\u015b\u0107 organizmu do wytwarzania w\u0142asnego kolagenu, niezale\u017cnie od tego, ile \u017celatyny czy hydrolizatu kto\u015b spo\u017cywa. Wi\u0119cej o roli poszczeg\u00f3lnych witamin w organizmie znajdziesz w kategorii: <a href=\"https:\/\/promaker.eu\/pl\/7-witaminy\">witaminy<\/a>.<\/p>\n<h2>Czym r\u00f3\u017cni si\u0119 kolagen rybi od \u017celatyny wo\u0142owej lub wieprzowej?<\/h2>\n<p>Kolagen rybi, podobnie jak kolagen wo\u0142owy i wieprzowy, nale\u017cy g\u0142\u00f3wnie do typu I, ale r\u00f3\u017cni si\u0119 nieznacznie profilem aminokwasowym, temperatur\u0105 denaturacji i wielko\u015bci\u0105 cz\u0105steczek, dlatego wynik\u00f3w bada\u0144 prowadzonych na jednej formie nie nale\u017cy automatycznie przenosi\u0107 na inn\u0105. Wi\u0119kszo\u015b\u0107 cytowanych wy\u017cej bada\u0144 klinicznych nad wp\u0142ywem hydrolizatu kolagenu na sk\u00f3r\u0119 i stawy prowadzono z u\u017cyciem hydrolizatu wo\u0142owego lub wieprzowego, a nie rybiego. Kolagen rybi bywa wybierany ze wzgl\u0119du na pochodzenie zwierz\u0119ce inne ni\u017c wo\u0142owina czy wieprzowina, co ma znaczenie dla os\u00f3b z ograniczeniami dietetycznymi lub religijnymi, oraz ze wzgl\u0119du na mniejszy rozmiar cz\u0105steczek niekt\u00f3rych frakcji. Osoby zainteresowane tym tematem znajd\u0105 rozszerzone informacje o zastosowaniu kolagenu rybiego w stawach, sk\u00f3rze i w\u0142osach w artykule: <a href=\"https:\/\/promaker.eu\/blog\/kolagen-rybi-stawy-skora-wlosy\/\">kolagen rybi na stawy, sk\u00f3r\u0119 i w\u0142osy<\/a>.<\/p>\n<p>W praktycznym doborze formy suplementu warto zwr\u00f3ci\u0107 uwag\u0119 na to, czy produkt jest przeznaczony do wsparcia konkretnego obszaru, na przyk\u0142ad sk\u00f3ry, w\u0142os\u00f3w i paznokci w formie kapsu\u0142ek, jak         <div class=\"pmp-card pmp-card--horizontal\">\n                            <a href=\"https:\/\/promaker.eu\/148-wielopak-2x-promaker-marine-collagen-pro-200g.html\" class=\"pmp-card__image\" target=\"_blank\" rel=\"noopener\">\n                    <img decoding=\"async\" src=\"https:\/\/promaker.eu\/img\/p\/7\/1\/8\/718-medium_default.webp\" alt=\"Wielopak 2x Promaker Marine Collagen Pro+ 200g\" loading=\"lazy\" width=\"200\" height=\"200\">                <\/a>\n                        <div class=\"pmp-card__body\">\n                <h4 class=\"pmp-card__title\">\n                    <a href=\"https:\/\/promaker.eu\/148-wielopak-2x-promaker-marine-collagen-pro-200g.html\" target=\"_blank\" rel=\"noopener\">\n                        Wielopak 2x Promaker Marine Collagen Pro+ 200g                    <\/a>\n                <\/h4>\n                <div class=\"pmp-variants\"><span class=\"pmp-variant pmp-variant--active\">Bezsmakowe<\/span><span class=\"pmp-variant\">Malina<\/span><span class=\"pmp-variant\">Truskawka<\/span><\/div>                <div class=\"pmp-card__price\">\n                    <span class=\"pmp-price\">139,99 z\u0142<\/span>                <\/div>\n                <a href=\"https:\/\/promaker.eu\/148-wielopak-2x-promaker-marine-collagen-pro-200g.html\" class=\"pmp-card__cta\" target=\"_blank\" rel=\"noopener\">\n                    <span><svg viewBox=\"0 0 16 16\"><path d=\"M0 1.5A.5.5 0 0 1 .5 1H2a.5.5 0 0 1 .485.379L2.89 3H14.5a.5.5 0 0 1 .491.592l-1.5 8A.5.5 0 0 1 13 12H4a.5.5 0 0 1-.491-.408L2.01 3.607 1.61 2H.5a.5.5 0 0 1-.5-.5zM5 12a2 2 0 1 0 0 4 2 2 0 0 0 0-4zm7 0a2 2 0 1 0 0 4 2 2 0 0 0 0-4zm-7 1a1 1 0 1 1 0 2 1 1 0 0 1 0-2zm7 0a1 1 0 1 1 0 2 1 1 0 0 1 0-2z\"\/><\/svg>Kup teraz<\/span>\n                <\/a>\n            <\/div>\n        <\/div>\n        , czy do regeneracji staw\u00f3w w formie proszku o wy\u017cszej dawce w porcji, jak         <div class=\"pmp-card pmp-card--horizontal\">\n                            <a href=\"https:\/\/promaker.eu\/76-regeneracja-stawow-kompleks-promaker-marine-collagen-pro-200g.html\" class=\"pmp-card__image\" target=\"_blank\" rel=\"noopener\">\n                    <img decoding=\"async\" src=\"https:\/\/promaker.eu\/img\/p\/6\/6\/5\/665-medium_default.webp\" alt=\"Regeneracja Staw\u00f3w Kompleks Promaker Marine Collagen Pro+ 200g\" loading=\"lazy\" width=\"200\" height=\"200\">                <\/a>\n                        <div class=\"pmp-card__body\">\n                <h4 class=\"pmp-card__title\">\n                    <a href=\"https:\/\/promaker.eu\/76-regeneracja-stawow-kompleks-promaker-marine-collagen-pro-200g.html\" target=\"_blank\" rel=\"noopener\">\n                        Regeneracja Staw\u00f3w Kompleks Promaker Marine Collagen Pro+ 200g                    <\/a>\n                <\/h4>\n                <div class=\"pmp-variants\"><span class=\"pmp-variant pmp-variant--active\">Truskawka<\/span><span class=\"pmp-variant\">Malina<\/span><span class=\"pmp-variant\">Natural<\/span><\/div>                <div class=\"pmp-card__price\">\n                    <span class=\"pmp-price\">69,99 z\u0142<\/span>                <\/div>\n                <a href=\"https:\/\/promaker.eu\/76-regeneracja-stawow-kompleks-promaker-marine-collagen-pro-200g.html\" class=\"pmp-card__cta\" target=\"_blank\" rel=\"noopener\">\n                    <span><svg viewBox=\"0 0 16 16\"><path d=\"M0 1.5A.5.5 0 0 1 .5 1H2a.5.5 0 0 1 .485.379L2.89 3H14.5a.5.5 0 0 1 .491.592l-1.5 8A.5.5 0 0 1 13 12H4a.5.5 0 0 1-.491-.408L2.01 3.607 1.61 2H.5a.5.5 0 0 1-.5-.5zM5 12a2 2 0 1 0 0 4 2 2 0 0 0 0-4zm7 0a2 2 0 1 0 0 4 2 2 0 0 0 0-4zm-7 1a1 1 0 1 1 0 2 1 1 0 0 1 0-2zm7 0a1 1 0 1 1 0 2 1 1 0 0 1 0-2z\"\/><\/svg>Kup teraz<\/span>\n                <\/a>\n            <\/div>\n        <\/div>\n        . Dawka i forma podania maj\u0105 znaczenie wi\u0119ksze ni\u017c samo pochodzenie zwierz\u0119ce kolagenu.<\/p>\n                    <h3 class=\"pmp-carousel__title\">Kolagen i witaminy wspieraj\u0105ce stawy, sk\u00f3r\u0119 i w\u0142osy<\/h3>\n                <div class=\"pmp-carousel pmp-carousel--few\" id=\"pmp-carousel-1\">\n            <div class=\"pmp-carousel__track\">\n                                    <div class=\"pmp-carousel__slide\">\n                        <div class=\"pmp-card pmp-card--card\">\n                                                            <a href=\"https:\/\/promaker.eu\/80-wsparcie-watroby-kompleks-promaker-liver-regeneration-pro-90caps.html\" class=\"pmp-card__image\" target=\"_blank\" rel=\"noopener\">\n                                    <img decoding=\"async\" src=\"https:\/\/promaker.eu\/img\/p\/6\/7\/1\/671-medium_default.webp\" alt=\"Wsparcie W\u0105troby Kompleks Promaker Liver Regeneration PRO+ 90caps\" loading=\"lazy\" width=\"200\" height=\"200\">\n                                <\/a>\n                                                        <div class=\"pmp-card__body\">\n                                <h4 class=\"pmp-card__title\">\n                                    <a href=\"https:\/\/promaker.eu\/80-wsparcie-watroby-kompleks-promaker-liver-regeneration-pro-90caps.html\" target=\"_blank\" rel=\"noopener\">\n                                        Wsparcie W\u0105troby Kompleks Promaker Liver Regeneration PRO+ 90caps                                    <\/a>\n                                <\/h4>\n                                                                <div class=\"pmp-card__price\">\n                                                                        <span class=\"pmp-price\">69,99 z\u0142<\/span>\n                                <\/div>\n                                <a href=\"https:\/\/promaker.eu\/80-wsparcie-watroby-kompleks-promaker-liver-regeneration-pro-90caps.html\" class=\"pmp-card__cta\" target=\"_blank\" rel=\"noopener\">\n                                    Kup teraz                                <\/a>\n                            <\/div>\n                        <\/div>\n                    <\/div>\n                                    <div class=\"pmp-carousel__slide\">\n                        <div class=\"pmp-card pmp-card--card\">\n                                                            <a href=\"https:\/\/promaker.eu\/99-witaminy-d-promaker-vitamin-d3-pro-4000iu-120kaps.html\" class=\"pmp-card__image\" target=\"_blank\" rel=\"noopener\">\n                                    <img decoding=\"async\" src=\"https:\/\/promaker.eu\/img\/p\/6\/8\/8\/688-medium_default.webp\" alt=\"Witaminy D Promaker Vitamin D3 PRO+ 4000IU 120kaps\" loading=\"lazy\" width=\"200\" height=\"200\">\n                                <\/a>\n                                                        <div class=\"pmp-card__body\">\n                                <h4 class=\"pmp-card__title\">\n                                    <a href=\"https:\/\/promaker.eu\/99-witaminy-d-promaker-vitamin-d3-pro-4000iu-120kaps.html\" target=\"_blank\" rel=\"noopener\">\n                                        Witaminy D Promaker Vitamin D3 PRO+ 4000IU 120kaps                                    <\/a>\n                                <\/h4>\n                                                                <div class=\"pmp-card__price\">\n                                                                        <span class=\"pmp-price\">28,99 z\u0142<\/span>\n                                <\/div>\n                                <a href=\"https:\/\/promaker.eu\/99-witaminy-d-promaker-vitamin-d3-pro-4000iu-120kaps.html\" class=\"pmp-card__cta\" target=\"_blank\" rel=\"noopener\">\n                                    Kup teraz                                <\/a>\n                            <\/div>\n                        <\/div>\n                    <\/div>\n                            <\/div>\n                    <\/div>\n        \n<h2>Ile kolagenu mo\u017cna bezpiecznie przyjmowa\u0107 dziennie?<\/h2>\n<p>Dla kolagenu nie ustalono odg\u00f3rnej, bezpiecznej g\u00f3rnej granicy spo\u017cycia (UL), poniewa\u017c nie jest to witamina ani sk\u0142adnik mineralny obj\u0119ty takimi normami, dlatego dawk\u0119 warto opiera\u0107 na etykiecie konkretnego produktu, a nie na jednej uniwersalnej liczbie. W cytowanych badaniach klinicznych stosowano r\u00f3\u017cne dawki w zale\u017cno\u015bci od celu: od 2,5 do 5 g dziennie w badaniu nad elastyczno\u015bci\u0105 sk\u00f3ry [3] do 10 g dziennie w badaniu nad dolegliwo\u015bciami stawowymi u sportowc\u00f3w [4]. Te warto\u015bci opisuj\u0105 dawki zastosowane w konkretnych badaniach, a nie og\u00f3lne zalecenie dla ka\u017cdego u\u017cytkownika. Kobiety w ci\u0105\u017cy, karmi\u0105ce piersi\u0105, nastolatki oraz osoby z chorobami przewlek\u0142ymi powinny ka\u017cd\u0105 decyzj\u0119 o suplementacji, w tym kolagenem, skonsultowa\u0107 wcze\u015bniej z lekarzem.<\/p>\n<div class=\"callout callout--tip\"><strong>Wskaz\u00f3wka<\/strong><\/p>\n<p>Czytaj\u0105c etykiet\u0119 suplementu kolagenowego, sprawd\u017a trzy rzeczy: form\u0119 (\u017celatyna czy hydrolizat\/peptydy), \u017ar\u00f3d\u0142o (rybie, wo\u0142owe, wieprzowe) oraz dawk\u0119 na porcj\u0119 w gramach, nie w miligramach sk\u0142adnik\u00f3w pobocznych. To pozwala realnie por\u00f3wna\u0107 produkt z dawkami stosowanymi w badaniach klinicznych.<\/p>\n<\/div>\n<h2>Czy \u017celatyna z kuchni, na przyk\u0142ad z galaretki, zast\u0119puje suplement kolagenowy?<\/h2>\n<p>Nie, \u017celatyna spo\u017cywcza u\u017cywana w kuchni zwykle dostarcza znacznie mniejsz\u0105 i mniej precyzyjn\u0105 dawk\u0119 kolagenu ni\u017c standaryzowany suplement, wi\u0119c nie mo\u017cna traktowa\u0107 jej jako r\u00f3wnowa\u017cnego zamiennika. Porcja galaretki czy \u017celek zawiera zazwyczaj kilka gram\u00f3w \u017celatyny rozcie\u0144czonej du\u017c\u0105 ilo\u015bci\u0105 wody, cukru i innych sk\u0142adnik\u00f3w, a jej sk\u0142ad nie jest standaryzowany pod k\u0105tem zawarto\u015bci konkretnych peptyd\u00f3w kolagenowych badanych klinicznie. Klienci pytaj\u0105 mnie czasem, czy zamiast kupowa\u0107 kolagen w proszku, wystarczy je\u015b\u0107 wi\u0119cej galaretek. Odpowied\u017a brzmi: to co innego, \u017celatyna kuchenna pe\u0142ni funkcj\u0119 zag\u0119szczacza w przepisie, a nie produktu opracowanego pod k\u0105tem konkretnej dawki i formy przyswajalnej badanej w publikacjach naukowych.<\/p>\n<div class=\"faq-section\">\n<h2>Najcz\u0119\u015bciej zadawane pytania<\/h2>\n<h3>Czy \u017celatyna to to samo co kolagen w proszku?<\/h3>\n<p>Nie do ko\u0144ca. Oba produkty pochodz\u0105 z tego samego bia\u0142ka, kolagenu zwierz\u0119cego, ale \u017celatyna jest tylko cz\u0119\u015bciowo zhydrolizowana termicznie, natomiast wi\u0119kszo\u015b\u0107 proszk\u00f3w sprzedawanych jako suplementy to hydrolizat kolagenu, dodatkowo roz\u0142o\u017cony enzymatycznie na mniejsze peptydy, kt\u00f3re rozpuszczaj\u0105 si\u0119 na zimno i nie \u017celuj\u0105.<\/p>\n<h3>Czy \u017celatyna spo\u017cywcza, do galaretek, nadaje si\u0119 jako suplement kolagenu?<\/h3>\n<p>Nie jest to rozwi\u0105zanie r\u00f3wnowa\u017cne. \u017belatyna kuchenna nie jest standaryzowana pod k\u0105tem dawki peptyd\u00f3w kolagenowych i zwykle spo\u017cywana jest w niewielkich ilo\u015bciach, w przeciwie\u0144stwie do hydrolizat\u00f3w kolagenu testowanych w badaniach klinicznych w dawkach kilku gram\u00f3w dziennie.<\/p>\n<h3>Czy kolagen rybi r\u00f3\u017cni si\u0119 od wo\u0142owego lub wieprzowego?<\/h3>\n<p>R\u00f3\u017cni\u0105 si\u0119 nieznacznie profilem aminokwasowym i wielko\u015bci\u0105 cz\u0105steczek, cho\u0107 wszystkie nale\u017c\u0105 g\u0142\u00f3wnie do typu I kolagenu. Wi\u0119kszo\u015b\u0107 bada\u0144 klinicznych nad sk\u00f3r\u0105 i stawami prowadzono na hydrolizacie wo\u0142owym lub wieprzowym, dlatego nie nale\u017cy zak\u0142ada\u0107 identycznego efektu dla kolagenu rybiego bez odr\u0119bnych bada\u0144.<\/p>\n<h3>Czy dzieci i kobiety w ci\u0105\u017cy mog\u0105 spo\u017cywa\u0107 \u017celatyn\u0119?<\/h3>\n<p>\u017belatyna jako sk\u0142adnik \u017cywno\u015bci, na przyk\u0142ad w galaretkach, jest powszechnie spo\u017cywana. Decyzj\u0119 o celowej suplementacji kolagenem w ci\u0105\u017cy, w okresie karmienia piersi\u0105 lub u dzieci i nastolatk\u00f3w nale\u017cy jednak zawsze skonsultowa\u0107 z lekarzem, poniewa\u017c dla tych grup nie ustalono osobnych zalece\u0144 dawkowania suplement\u00f3w.<\/p>\n<h3>Po jakim czasie wida\u0107 efekty suplementacji kolagenem?<\/h3>\n<p>W cytowanym badaniu nad elastyczno\u015bci\u0105 sk\u00f3ry popraw\u0119 odnotowano po 4 tygodniach regularnego przyjmowania hydrolizatu kolagenu, a w badaniu nad dolegliwo\u015bciami stawowymi obserwacj\u0119 prowadzono przez 24 tygodnie. Te ramy czasowe dotycz\u0105 konkretnych bada\u0144 i konkretnych dawek, nie s\u0105 uniwersaln\u0105 gwarancj\u0105 dla ka\u017cdego produktu i ka\u017cdej osoby.<\/p>\n<h3>Czy kolagen trzeba \u0142\u0105czy\u0107 z witamin\u0105 C?<\/h3>\n<p>Witamina C ma potwierdzony udzia\u0142 w prawid\u0142owym tworzeniu kolagenu przez organizm, zgodnie z autoryzowanym o\u015bwiadczeniem zdrowotnym UE, dlatego jej odpowiednia poda\u017c z diety ma znaczenie niezale\u017cnie od tego, czy dodatkowo suplementuje si\u0119 kolagen. Nie jest to jednak warunek konieczny do przyjmowania hydrolizatu kolagenu, je\u015bli dieta pokrywa zapotrzebowanie na t\u0119 witamin\u0119.<\/p>\n<h3>Czy hydrolizat kolagenu ma smak i zapach, w przeciwie\u0144stwie do \u017celatyny?<\/h3>\n<p>Oba produkty w formie oczyszczonej s\u0105 zwykle prawie bezsmakowe i bezwonne, cho\u0107 mog\u0105 si\u0119 r\u00f3\u017cni\u0107 w zale\u017cno\u015bci od \u017ar\u00f3d\u0142a zwierz\u0119cego i stopnia oczyszczenia. Hydrolizat kolagenu rozpuszcza si\u0119 \u0142atwiej w zimnych i ciep\u0142ych p\u0142ynach, co czyni go wygodniejszym w codziennym stosowaniu ni\u017c \u017celatyna, kt\u00f3r\u0105 trzeba rozpuszcza\u0107 w gor\u0105cej wodzie.<\/p>\n<\/div>\n<h2>Podsumowanie<\/h2>\n<ul>\n<li>\u017belatyna i hydrolizat kolagenu pochodz\u0105 z tego samego bia\u0142ka, r\u00f3\u017cni je stopie\u0144 hydrolizy, nie surowiec.<\/li>\n<li>\u017belatyna wymaga gor\u0105cej wody i \u017celuje po ostygni\u0119ciu, hydrolizat kolagenu rozpuszcza si\u0119 na zimno i nie tworzy \u017celu.<\/li>\n<li>Peptydy kolagenowe wykryto we krwi po spo\u017cyciu, ale sama absorpcja nie dowodzi efektu zdrowotnego.<\/li>\n<li>Badanie z 2014 roku wykaza\u0142o popraw\u0119 elastyczno\u015bci sk\u00f3ry po 4 tygodniach przyjmowania 2,5 lub 5 g hydrolizatu kolagenu dziennie.<\/li>\n<li>EFSA nie autoryzowa\u0142a o\u015bwiadczenia zdrowotnego \u0142\u0105cz\u0105cego hydrolizat kolagenu z utrzymaniem prawid\u0142owej kondycji staw\u00f3w, mimo obiecuj\u0105cych wynik\u00f3w pojedynczych bada\u0144.<\/li>\n<li>Witamina C ma autoryzowane o\u015bwiadczenie zdrowotne dotycz\u0105ce udzia\u0142u w prawid\u0142owym tworzeniu kolagenu przez organizm.<\/li>\n<li>Nie ustalono g\u00f3rnej bezpiecznej granicy spo\u017cycia kolagenu, dawk\u0119 warto opiera\u0107 na etykiecie produktu i konsultacji z lekarzem w przypadku ci\u0105\u017cy, karmienia piersi\u0105 lub chor\u00f3b przewlek\u0142ych.<\/li>\n<\/ul>\n<p>Kolagen to jeden z wielu sk\u0142adnik\u00f3w, kt\u00f3re mo\u017cna rozwa\u017cy\u0107 przy budowaniu codziennej diety uzupe\u0142nionej o <a href=\"https:\/\/promaker.eu\/\">suplementy diety<\/a>, obok witamin, minera\u0142\u00f3w i bia\u0142ka pe\u0142nowarto\u015bciowego z posi\u0142k\u00f3w.<\/p>\n<div class=\"article-sources\">\n<h2>\u0179r\u00f3d\u0142a<\/h2>\n<ol>\n<li>Le\u00f3n-L\u00f3pez A. i wsp., <em>Hydrolyzed Collagen: Sources and Applications<\/em>, Molecules, 2019. <a href=\"https:\/\/pmc.ncbi.nlm.nih.gov\/articles\/PMC6891674\/\" target=\"_blank\" rel=\"noopener\">Link<\/a><\/li>\n<li>Iwai K. i wsp., <em>Identification of Food-Derived Collagen Peptides in Human Blood after Oral Ingestion of Gelatin Hydrolysates<\/em>, Journal of Agricultural and Food Chemistry, 2005. <a href=\"https:\/\/pubmed.ncbi.nlm.nih.gov\/16076145\/\" target=\"_blank\" rel=\"noopener\">Link<\/a><\/li>\n<li>Proksch E. i wsp., <em>Oral Supplementation of Specific Collagen Peptides Has Beneficial Effects on Human Skin Physiology: A Double-Blind, Placebo-Controlled Study<\/em>, Skin Pharmacology and Physiology, 2014. <a href=\"https:\/\/pubmed.ncbi.nlm.nih.gov\/23949208\/\" target=\"_blank\" rel=\"noopener\">Link<\/a><\/li>\n<li>Clark K.L. i wsp., <em>24-Week Study on the Use of Collagen Hydrolysate as a Dietary Supplement in Athletes with Activity-Related Joint Pain<\/em>, Current Medical Research and Opinion, 2008. <a href=\"https:\/\/pubmed.ncbi.nlm.nih.gov\/18416885\/\" target=\"_blank\" rel=\"noopener\">Link<\/a><\/li>\n<li>EFSA Panel on Dietetic Products, Nutrition and Allergies, <em>Scientific Opinion on the substantiation of a health claim related to collagen hydrolysate and maintenance of joints pursuant to Article 13(5) of Regulation (EC) No 1924\/2006<\/em>, EFSA Journal, 2011. <a href=\"https:\/\/efsa.onlinelibrary.wiley.com\/doi\/epdf\/10.2903\/j.efsa.2011.2291\" target=\"_blank\" rel=\"noopener\">Link<\/a><\/li>\n<li>Rozporz\u0105dzenie Komisji (UE) nr 432\/2012 z dnia 16 maja 2012 r. ustanawiaj\u0105ce wykaz dopuszczonych o\u015bwiadcze\u0144 zdrowotnych dotycz\u0105cych \u017cywno\u015bci, innych ni\u017c o\u015bwiadczenia odnosz\u0105ce si\u0119 do zmniejszenia ryzyka choroby oraz rozwoju i zdrowia dzieci. <a href=\"https:\/\/eur-lex.europa.eu\/legal-content\/PL\/TXT\/?uri=CELEX:32012R0432\" target=\"_blank\" rel=\"noopener\">Link<\/a><\/li>\n<\/ol>\n<\/div>\n<p class=\"article-author\">Tre\u015b\u0107 opracowana na podstawie wymienionych publikacji naukowych. W razie w\u0105tpliwo\u015bci skonsultuj si\u0119 z lekarzem lub farmaceut\u0105.<\/p>\n<\/article>\n","protected":false},"excerpt":{"rendered":"<p>\u017belatyna i kolagen nie s\u0105 tym samym, cho\u0107 pochodz\u0105 z tego samego bia\u0142ka. \u017belatyna to kolagen zwierz\u0119cy poddany cz\u0119\u015bciowej hydrolizie termicznej, czyli ugotowany i cz\u0119\u015bciowo&hellip;<\/p>\n","protected":false},"author":5,"featured_media":225,"comment_status":"closed","ping_status":"closed","sticky":false,"template":"","format":"standard","meta":{"inline_featured_image":false,"footnotes":""},"categories":[16],"tags":[],"class_list":["post-199","post","type-post","status-publish","format-standard","has-post-thumbnail","hentry","category-zdrowie-i-regeneracja"],"yoast_head":"<!-- This site is optimized with the Yoast SEO plugin v28.2 - https:\/\/yoast.com\/product\/yoast-seo-wordpress\/ -->\n<title>Czy \u017celatyna to kolagen? R\u00f3\u017cnice i co wybra\u0107 - Promaker - Blog<\/title>\n<meta name=\"robots\" content=\"index, follow, max-snippet:-1, max-image-preview:large, max-video-preview:-1\" \/>\n<link rel=\"canonical\" href=\"https:\/\/promaker.eu\/blog\/czy-zelatyna-to-kolagen-roznice-i-co-wybrac\/\" \/>\n<meta property=\"og:locale\" content=\"pl_PL\" \/>\n<meta property=\"og:type\" content=\"article\" \/>\n<meta property=\"og:title\" content=\"Czy \u017celatyna to kolagen? R\u00f3\u017cnice i co wybra\u0107 - Promaker - Blog\" \/>\n<meta property=\"og:description\" content=\"\u017belatyna i kolagen nie s\u0105 tym samym, cho\u0107 pochodz\u0105 z tego samego bia\u0142ka. \u017belatyna to kolagen zwierz\u0119cy poddany cz\u0119\u015bciowej hydrolizie termicznej, czyli ugotowany i cz\u0119\u015bciowo&hellip;\" \/>\n<meta property=\"og:url\" content=\"https:\/\/promaker.eu\/blog\/czy-zelatyna-to-kolagen-roznice-i-co-wybrac\/\" \/>\n<meta property=\"og:site_name\" content=\"Promaker - Blog\" \/>\n<meta property=\"article:publisher\" content=\"https:\/\/www.facebook.com\/profile.php?id=100057039476744\" \/>\n<meta property=\"article:published_time\" content=\"2026-09-04T06:00:00+00:00\" \/>\n<meta property=\"og:image\" content=\"https:\/\/promaker.eu\/blog\/wp-content\/uploads\/2026\/09\/hero-czy-zelatyna-to-kolagen-roznice-i-co-wybrac.webp\" \/>\n\t<meta property=\"og:image:width\" content=\"2400\" \/>\n\t<meta property=\"og:image:height\" content=\"1256\" \/>\n\t<meta property=\"og:image:type\" content=\"image\/webp\" \/>\n<meta name=\"author\" content=\"Joanna Jankowska, mgr farm.\" \/>\n<meta name=\"twitter:card\" content=\"summary_large_image\" \/>\n<meta name=\"twitter:label1\" content=\"Napisane przez\" \/>\n\t<meta name=\"twitter:data1\" content=\"Joanna Jankowska, mgr farm.\" \/>\n\t<meta name=\"twitter:label2\" content=\"Szacowany czas czytania\" \/>\n\t<meta name=\"twitter:data2\" content=\"13 minut\" \/>\n<script type=\"application\/ld+json\" class=\"yoast-schema-graph\">{\"@context\":\"https:\\\/\\\/schema.org\",\"@graph\":[{\"@type\":\"Article\",\"@id\":\"https:\\\/\\\/promaker.eu\\\/blog\\\/czy-zelatyna-to-kolagen-roznice-i-co-wybrac\\\/#article\",\"isPartOf\":{\"@id\":\"https:\\\/\\\/promaker.eu\\\/blog\\\/czy-zelatyna-to-kolagen-roznice-i-co-wybrac\\\/\"},\"author\":{\"name\":\"Joanna Jankowska, mgr farm.\",\"@id\":\"https:\\\/\\\/promaker.eu\\\/blog\\\/#\\\/schema\\\/person\\\/1f7b8b788924f792c7cc4b24b5be56e9\"},\"headline\":\"Czy \u017celatyna to kolagen? R\u00f3\u017cnice i co wybra\u0107\",\"datePublished\":\"2026-09-04T06:00:00+00:00\",\"mainEntityOfPage\":{\"@id\":\"https:\\\/\\\/promaker.eu\\\/blog\\\/czy-zelatyna-to-kolagen-roznice-i-co-wybrac\\\/\"},\"wordCount\":2603,\"image\":{\"@id\":\"https:\\\/\\\/promaker.eu\\\/blog\\\/czy-zelatyna-to-kolagen-roznice-i-co-wybrac\\\/#primaryimage\"},\"thumbnailUrl\":\"https:\\\/\\\/promaker.eu\\\/blog\\\/wp-content\\\/uploads\\\/2026\\\/09\\\/hero-czy-zelatyna-to-kolagen-roznice-i-co-wybrac.webp\",\"articleSection\":[\"Zdrowie i regeneracja\"],\"inLanguage\":\"pl-PL\"},{\"@type\":\"WebPage\",\"@id\":\"https:\\\/\\\/promaker.eu\\\/blog\\\/czy-zelatyna-to-kolagen-roznice-i-co-wybrac\\\/\",\"url\":\"https:\\\/\\\/promaker.eu\\\/blog\\\/czy-zelatyna-to-kolagen-roznice-i-co-wybrac\\\/\",\"name\":\"Czy \u017celatyna to kolagen? R\u00f3\u017cnice i co wybra\u0107 - Promaker - Blog\",\"isPartOf\":{\"@id\":\"https:\\\/\\\/promaker.eu\\\/blog\\\/#website\"},\"primaryImageOfPage\":{\"@id\":\"https:\\\/\\\/promaker.eu\\\/blog\\\/czy-zelatyna-to-kolagen-roznice-i-co-wybrac\\\/#primaryimage\"},\"image\":{\"@id\":\"https:\\\/\\\/promaker.eu\\\/blog\\\/czy-zelatyna-to-kolagen-roznice-i-co-wybrac\\\/#primaryimage\"},\"thumbnailUrl\":\"https:\\\/\\\/promaker.eu\\\/blog\\\/wp-content\\\/uploads\\\/2026\\\/09\\\/hero-czy-zelatyna-to-kolagen-roznice-i-co-wybrac.webp\",\"datePublished\":\"2026-09-04T06:00:00+00:00\",\"author\":{\"@id\":\"https:\\\/\\\/promaker.eu\\\/blog\\\/#\\\/schema\\\/person\\\/1f7b8b788924f792c7cc4b24b5be56e9\"},\"breadcrumb\":{\"@id\":\"https:\\\/\\\/promaker.eu\\\/blog\\\/czy-zelatyna-to-kolagen-roznice-i-co-wybrac\\\/#breadcrumb\"},\"inLanguage\":\"pl-PL\",\"potentialAction\":[{\"@type\":\"ReadAction\",\"target\":[\"https:\\\/\\\/promaker.eu\\\/blog\\\/czy-zelatyna-to-kolagen-roznice-i-co-wybrac\\\/\"]}]},{\"@type\":\"ImageObject\",\"inLanguage\":\"pl-PL\",\"@id\":\"https:\\\/\\\/promaker.eu\\\/blog\\\/czy-zelatyna-to-kolagen-roznice-i-co-wybrac\\\/#primaryimage\",\"url\":\"https:\\\/\\\/promaker.eu\\\/blog\\\/wp-content\\\/uploads\\\/2026\\\/09\\\/hero-czy-zelatyna-to-kolagen-roznice-i-co-wybrac.webp\",\"contentUrl\":\"https:\\\/\\\/promaker.eu\\\/blog\\\/wp-content\\\/uploads\\\/2026\\\/09\\\/hero-czy-zelatyna-to-kolagen-roznice-i-co-wybrac.webp\",\"width\":2400,\"height\":1256,\"caption\":\"Czy \u017celatyna to kolagen? R\u00f3\u017cnice i co wybra\u0107\"},{\"@type\":\"BreadcrumbList\",\"@id\":\"https:\\\/\\\/promaker.eu\\\/blog\\\/czy-zelatyna-to-kolagen-roznice-i-co-wybrac\\\/#breadcrumb\",\"itemListElement\":[{\"@type\":\"ListItem\",\"position\":1,\"name\":\"Strona g\u0142\u00f3wna\",\"item\":\"https:\\\/\\\/promaker.eu\\\/blog\\\/\"},{\"@type\":\"ListItem\",\"position\":2,\"name\":\"Czy \u017celatyna to kolagen? R\u00f3\u017cnice i co wybra\u0107\"}]},{\"@type\":\"WebSite\",\"@id\":\"https:\\\/\\\/promaker.eu\\\/blog\\\/#website\",\"url\":\"https:\\\/\\\/promaker.eu\\\/blog\\\/\",\"name\":\"Promaker - Blog\",\"description\":\"\",\"potentialAction\":[{\"@type\":\"SearchAction\",\"target\":{\"@type\":\"EntryPoint\",\"urlTemplate\":\"https:\\\/\\\/promaker.eu\\\/blog\\\/?s={search_term_string}\"},\"query-input\":{\"@type\":\"PropertyValueSpecification\",\"valueRequired\":true,\"valueName\":\"search_term_string\"}}],\"inLanguage\":\"pl-PL\"},{\"@type\":\"Person\",\"@id\":\"https:\\\/\\\/promaker.eu\\\/blog\\\/#\\\/schema\\\/person\\\/1f7b8b788924f792c7cc4b24b5be56e9\",\"name\":\"Joanna Jankowska, mgr farm.\",\"image\":{\"@type\":\"ImageObject\",\"inLanguage\":\"pl-PL\",\"@id\":\"https:\\\/\\\/promaker.eu\\\/blog\\\/wp-content\\\/uploads\\\/2026\\\/08\\\/authors\\\/avatar-joanna-jankowska.webp\",\"url\":\"https:\\\/\\\/promaker.eu\\\/blog\\\/wp-content\\\/uploads\\\/2026\\\/08\\\/authors\\\/avatar-joanna-jankowska.webp\",\"contentUrl\":\"https:\\\/\\\/promaker.eu\\\/blog\\\/wp-content\\\/uploads\\\/2026\\\/08\\\/authors\\\/avatar-joanna-jankowska.webp\",\"caption\":\"Joanna Jankowska, mgr farm.\"},\"description\":\"Magister farmacji, absolwentka Uniwersytetu Medycznego w Bia\u0142ymstoku. Specjalizuje si\u0119 w doborze suplement\u00f3w, biodost\u0119pno\u015bci form sk\u0142adnik\u00f3w mineralnych i interakcjach preparat\u00f3w z lekami. Pisze o suplementacji tak, jak t\u0142umaczy j\u0105 klientom przy ladzie \u2014 konkretnie i bez obietnic, kt\u00f3rych nie da si\u0119 dotrzyma\u0107.\",\"url\":\"https:\\\/\\\/promaker.eu\\\/blog\\\/author\\\/joanna-jankowska\\\/\"}]}<\/script>\n<!-- \/ Yoast SEO plugin. -->","yoast_head_json":{"title":"Czy \u017celatyna to kolagen? R\u00f3\u017cnice i co wybra\u0107 - Promaker - Blog","robots":{"index":"index","follow":"follow","max-snippet":"max-snippet:-1","max-image-preview":"max-image-preview:large","max-video-preview":"max-video-preview:-1"},"canonical":"https:\/\/promaker.eu\/blog\/czy-zelatyna-to-kolagen-roznice-i-co-wybrac\/","og_locale":"pl_PL","og_type":"article","og_title":"Czy \u017celatyna to kolagen? R\u00f3\u017cnice i co wybra\u0107 - Promaker - Blog","og_description":"\u017belatyna i kolagen nie s\u0105 tym samym, cho\u0107 pochodz\u0105 z tego samego bia\u0142ka. \u017belatyna to kolagen zwierz\u0119cy poddany cz\u0119\u015bciowej hydrolizie termicznej, czyli ugotowany i cz\u0119\u015bciowo&hellip;","og_url":"https:\/\/promaker.eu\/blog\/czy-zelatyna-to-kolagen-roznice-i-co-wybrac\/","og_site_name":"Promaker - Blog","article_publisher":"https:\/\/www.facebook.com\/profile.php?id=100057039476744","article_published_time":"2026-09-04T06:00:00+00:00","og_image":[{"width":2400,"height":1256,"url":"https:\/\/promaker.eu\/blog\/wp-content\/uploads\/2026\/09\/hero-czy-zelatyna-to-kolagen-roznice-i-co-wybrac.webp","type":"image\/webp"}],"author":"Joanna Jankowska, mgr farm.","twitter_card":"summary_large_image","twitter_misc":{"Napisane przez":"Joanna Jankowska, mgr farm.","Szacowany czas czytania":"13 minut"},"schema":{"@context":"https:\/\/schema.org","@graph":[{"@type":"Article","@id":"https:\/\/promaker.eu\/blog\/czy-zelatyna-to-kolagen-roznice-i-co-wybrac\/#article","isPartOf":{"@id":"https:\/\/promaker.eu\/blog\/czy-zelatyna-to-kolagen-roznice-i-co-wybrac\/"},"author":{"name":"Joanna Jankowska, mgr farm.","@id":"https:\/\/promaker.eu\/blog\/#\/schema\/person\/1f7b8b788924f792c7cc4b24b5be56e9"},"headline":"Czy \u017celatyna to kolagen? R\u00f3\u017cnice i co wybra\u0107","datePublished":"2026-09-04T06:00:00+00:00","mainEntityOfPage":{"@id":"https:\/\/promaker.eu\/blog\/czy-zelatyna-to-kolagen-roznice-i-co-wybrac\/"},"wordCount":2603,"image":{"@id":"https:\/\/promaker.eu\/blog\/czy-zelatyna-to-kolagen-roznice-i-co-wybrac\/#primaryimage"},"thumbnailUrl":"https:\/\/promaker.eu\/blog\/wp-content\/uploads\/2026\/09\/hero-czy-zelatyna-to-kolagen-roznice-i-co-wybrac.webp","articleSection":["Zdrowie i regeneracja"],"inLanguage":"pl-PL"},{"@type":"WebPage","@id":"https:\/\/promaker.eu\/blog\/czy-zelatyna-to-kolagen-roznice-i-co-wybrac\/","url":"https:\/\/promaker.eu\/blog\/czy-zelatyna-to-kolagen-roznice-i-co-wybrac\/","name":"Czy \u017celatyna to kolagen? R\u00f3\u017cnice i co wybra\u0107 - Promaker - Blog","isPartOf":{"@id":"https:\/\/promaker.eu\/blog\/#website"},"primaryImageOfPage":{"@id":"https:\/\/promaker.eu\/blog\/czy-zelatyna-to-kolagen-roznice-i-co-wybrac\/#primaryimage"},"image":{"@id":"https:\/\/promaker.eu\/blog\/czy-zelatyna-to-kolagen-roznice-i-co-wybrac\/#primaryimage"},"thumbnailUrl":"https:\/\/promaker.eu\/blog\/wp-content\/uploads\/2026\/09\/hero-czy-zelatyna-to-kolagen-roznice-i-co-wybrac.webp","datePublished":"2026-09-04T06:00:00+00:00","author":{"@id":"https:\/\/promaker.eu\/blog\/#\/schema\/person\/1f7b8b788924f792c7cc4b24b5be56e9"},"breadcrumb":{"@id":"https:\/\/promaker.eu\/blog\/czy-zelatyna-to-kolagen-roznice-i-co-wybrac\/#breadcrumb"},"inLanguage":"pl-PL","potentialAction":[{"@type":"ReadAction","target":["https:\/\/promaker.eu\/blog\/czy-zelatyna-to-kolagen-roznice-i-co-wybrac\/"]}]},{"@type":"ImageObject","inLanguage":"pl-PL","@id":"https:\/\/promaker.eu\/blog\/czy-zelatyna-to-kolagen-roznice-i-co-wybrac\/#primaryimage","url":"https:\/\/promaker.eu\/blog\/wp-content\/uploads\/2026\/09\/hero-czy-zelatyna-to-kolagen-roznice-i-co-wybrac.webp","contentUrl":"https:\/\/promaker.eu\/blog\/wp-content\/uploads\/2026\/09\/hero-czy-zelatyna-to-kolagen-roznice-i-co-wybrac.webp","width":2400,"height":1256,"caption":"Czy \u017celatyna to kolagen? R\u00f3\u017cnice i co wybra\u0107"},{"@type":"BreadcrumbList","@id":"https:\/\/promaker.eu\/blog\/czy-zelatyna-to-kolagen-roznice-i-co-wybrac\/#breadcrumb","itemListElement":[{"@type":"ListItem","position":1,"name":"Strona g\u0142\u00f3wna","item":"https:\/\/promaker.eu\/blog\/"},{"@type":"ListItem","position":2,"name":"Czy \u017celatyna to kolagen? R\u00f3\u017cnice i co wybra\u0107"}]},{"@type":"WebSite","@id":"https:\/\/promaker.eu\/blog\/#website","url":"https:\/\/promaker.eu\/blog\/","name":"Promaker - Blog","description":"","potentialAction":[{"@type":"SearchAction","target":{"@type":"EntryPoint","urlTemplate":"https:\/\/promaker.eu\/blog\/?s={search_term_string}"},"query-input":{"@type":"PropertyValueSpecification","valueRequired":true,"valueName":"search_term_string"}}],"inLanguage":"pl-PL"},{"@type":"Person","@id":"https:\/\/promaker.eu\/blog\/#\/schema\/person\/1f7b8b788924f792c7cc4b24b5be56e9","name":"Joanna Jankowska, mgr farm.","image":{"@type":"ImageObject","inLanguage":"pl-PL","@id":"https:\/\/promaker.eu\/blog\/wp-content\/uploads\/2026\/08\/authors\/avatar-joanna-jankowska.webp","url":"https:\/\/promaker.eu\/blog\/wp-content\/uploads\/2026\/08\/authors\/avatar-joanna-jankowska.webp","contentUrl":"https:\/\/promaker.eu\/blog\/wp-content\/uploads\/2026\/08\/authors\/avatar-joanna-jankowska.webp","caption":"Joanna Jankowska, mgr farm."},"description":"Magister farmacji, absolwentka Uniwersytetu Medycznego w Bia\u0142ymstoku. Specjalizuje si\u0119 w doborze suplement\u00f3w, biodost\u0119pno\u015bci form sk\u0142adnik\u00f3w mineralnych i interakcjach preparat\u00f3w z lekami. Pisze o suplementacji tak, jak t\u0142umaczy j\u0105 klientom przy ladzie \u2014 konkretnie i bez obietnic, kt\u00f3rych nie da si\u0119 dotrzyma\u0107.","url":"https:\/\/promaker.eu\/blog\/author\/joanna-jankowska\/"}]}},"_links":{"self":[{"href":"https:\/\/promaker.eu\/blog\/wp-json\/wp\/v2\/posts\/199","targetHints":{"allow":["GET"]}}],"collection":[{"href":"https:\/\/promaker.eu\/blog\/wp-json\/wp\/v2\/posts"}],"about":[{"href":"https:\/\/promaker.eu\/blog\/wp-json\/wp\/v2\/types\/post"}],"author":[{"embeddable":true,"href":"https:\/\/promaker.eu\/blog\/wp-json\/wp\/v2\/users\/5"}],"replies":[{"embeddable":true,"href":"https:\/\/promaker.eu\/blog\/wp-json\/wp\/v2\/comments?post=199"}],"version-history":[{"count":1,"href":"https:\/\/promaker.eu\/blog\/wp-json\/wp\/v2\/posts\/199\/revisions"}],"predecessor-version":[{"id":241,"href":"https:\/\/promaker.eu\/blog\/wp-json\/wp\/v2\/posts\/199\/revisions\/241"}],"wp:featuredmedia":[{"embeddable":true,"href":"https:\/\/promaker.eu\/blog\/wp-json\/wp\/v2\/media\/225"}],"wp:attachment":[{"href":"https:\/\/promaker.eu\/blog\/wp-json\/wp\/v2\/media?parent=199"}],"wp:term":[{"taxonomy":"category","embeddable":true,"href":"https:\/\/promaker.eu\/blog\/wp-json\/wp\/v2\/categories?post=199"},{"taxonomy":"post_tag","embeddable":true,"href":"https:\/\/promaker.eu\/blog\/wp-json\/wp\/v2\/tags?post=199"}],"curies":[{"name":"wp","href":"https:\/\/api.w.org\/{rel}","templated":true}]}}